{"id":63,"date":"2024-01-17T11:44:00","date_gmt":"2024-01-17T11:44:00","guid":{"rendered":"https:\/\/svp-birmensdorf.ch\/?p=63"},"modified":"2025-09-22T12:52:59","modified_gmt":"2025-09-22T12:52:59","slug":"sessions-apero-mit-nr-egloff","status":"publish","type":"post","link":"https:\/\/svp-birmensdorf.ch\/index.php\/2024\/01\/17\/sessions-apero-mit-nr-egloff\/","title":{"rendered":"Sessions-Ap\u00e9ro mit NR Egloff"},"content":{"rendered":"<!--themify_builder_content-->\n<div id=\"themify_builder_content-63\" data-postid=\"63\" class=\"themify_builder_content themify_builder_content-63 themify_builder tf_clear\">\n                    <div  data-lazy=\"1\" class=\"module_row themify_builder_row tb_mmlh358 tb_first tf_w\">\n                        <div class=\"row_inner col_align_top tb_col_count_1 tf_box tf_rel\">\n                        <div  data-lazy=\"1\" class=\"module_column tb-column col-full tb_wbfd358 first\">\n                    <!-- module text -->\n<div  class=\"module module-text tb_o20u868   \" data-lazy=\"1\">\n        <div  class=\"tb_text_wrap\">\n        <p><b>Der Sessions-Ap\u00e9ro im Alterszentrum am Bach mit Nationalrat Hans Egloff war bestens besucht. Die Begr\u00fcssung der Teilnehmer machte der Sektionspr\u00e4sident Stefan Gut und \u00fcbergab das Wort an den Bezirkspr\u00e4sidenten Markus Binder. Der Pr\u00e4sident nutzte die Gunst der Stunde, um \u00fcber die Kantons- und Regierungsrats-Wahlkampf-Aktionen des SVP Bezirks Dietikon zu informieren. So wurde die Terminliste mit den geplanten Aktionen zusammen mit den Regierungsratskandidatin Natalie Rickli und -kandidat Ernst Stocker vorgestellt.<br \/><br \/><\/b><\/p>\n<p dir=\"auto\">Die zahlreichen Mitglieder und Sympathisanten lauschten aufmerksam Nationalrat Hans Egloff, was er aktuell aus dem Nationalrat zu berichten hatte. So erz\u00e4hlte er uns \u00fcber die Bundesr\u00e4tinnenwahl Karin Keller-Suter und Viola Amherd sowie die Departementsverteilung. Weiter informierte er \u00fcber die Ablehnung des CO2-Gesetzes, der \u00c4nderung der Urheberrechtsgesetz und \u00fcber die gef\u00e4hrliche Volksinitiative \u00abMehr bezahlbare Wohnungen\u00bb. Grunds\u00e4tzlich wer kann dagegen sein, niemand, doch diese Volksinitiative verteuert die Wohnungen. Die Baugenossenschaften k\u00f6nnen jedoch dieses Anliegen bereits heute umsetzen und man muss nichts \u00fcber Steuergelder finanzieren.<\/p>\n<p dir=\"auto\">Zum Schluss nahm der Sektionspr\u00e4sident von Birmensdorf Stefan Gut nochmals das Wort und w\u00fcnschte allen sch\u00f6ne Weihnachten und einen guten Rutsch ins Neue Jahr. Weiter w\u00fcnschte er den Kandidatinnen und Kandidaten der Kantonsratswahlen viel Erfolg. Nun gingen alle zum feinen Ap\u00e9ro \u00fcber, der vom Alterszentrum am Bach serviert wurde.<\/p>\n<p dir=\"auto\">F\u00fcr die SVP Bezirk Dietikon Kantonsrat Rochus Burtscher<\/p>    <\/div>\n<\/div>\n<!-- \/module text -->        <\/div>\n                        <\/div>\n        <\/div>\n        <\/div>\n<!--\/themify_builder_content-->","protected":false},"excerpt":{"rendered":"<p>Der Sessions-Ap\u00e9ro im Alterszentrum am Bach mit Nationalrat Hans Egloff war bestens besucht. Die Begr\u00fcssung der Teilnehmer machte der Sektionspr\u00e4sident Stefan Gut und \u00fcbergab das Wort an den Bezirkspr\u00e4sidenten Markus Binder.<\/p>\n","protected":false},"author":1,"featured_media":68,"comment_status":"open","ping_status":"closed","sticky":false,"template":"","format":"standard","meta":{"inline_featured_image":false,"footnotes":""},"categories":[7],"tags":[4,3,5,6],"class_list":["post-63","post","type-post","status-publish","format-standard","has-post-thumbnail","hentry","category-veranstaltungen","tag-apero","tag-egloff","tag-nationalrat","tag-session","has-post-title","has-post-date","has-post-category","has-post-tag","has-post-comment","has-post-author",""],"builder_content":"<p><b>Der Sessions-Ap\u00e9ro im Alterszentrum am Bach mit Nationalrat Hans Egloff war bestens besucht. Die Begr\u00fcssung der Teilnehmer machte der Sektionspr\u00e4sident Stefan Gut und \u00fcbergab das Wort an den Bezirkspr\u00e4sidenten Markus Binder. Der Pr\u00e4sident nutzte die Gunst der Stunde, um \u00fcber die Kantons- und Regierungsrats-Wahlkampf-Aktionen des SVP Bezirks Dietikon zu informieren. So wurde die Terminliste mit den geplanten Aktionen zusammen mit den Regierungsratskandidatin Natalie Rickli und -kandidat Ernst Stocker vorgestellt.<br \/><br \/><\/b><\/p> <p dir=\"auto\">Die zahlreichen Mitglieder und Sympathisanten lauschten aufmerksam Nationalrat Hans Egloff, was er aktuell aus dem Nationalrat zu berichten hatte. So erz\u00e4hlte er uns \u00fcber die Bundesr\u00e4tinnenwahl Karin Keller-Suter und Viola Amherd sowie die Departementsverteilung. Weiter informierte er \u00fcber die Ablehnung des CO2-Gesetzes, der \u00c4nderung der Urheberrechtsgesetz und \u00fcber die gef\u00e4hrliche Volksinitiative \u00abMehr bezahlbare Wohnungen\u00bb. Grunds\u00e4tzlich wer kann dagegen sein, niemand, doch diese Volksinitiative verteuert die Wohnungen. Die Baugenossenschaften k\u00f6nnen jedoch dieses Anliegen bereits heute umsetzen und man muss nichts \u00fcber Steuergelder finanzieren.<\/p> <p dir=\"auto\">Zum Schluss nahm der Sektionspr\u00e4sident von Birmensdorf Stefan Gut nochmals das Wort und w\u00fcnschte allen sch\u00f6ne Weihnachten und einen guten Rutsch ins Neue Jahr. Weiter w\u00fcnschte er den Kandidatinnen und Kandidaten der Kantonsratswahlen viel Erfolg. Nun gingen alle zum feinen Ap\u00e9ro \u00fcber, der vom Alterszentrum am Bach serviert wurde.<\/p> <p dir=\"auto\">F\u00fcr die SVP Bezirk Dietikon Kantonsrat Rochus Burtscher<\/p>","_links":{"self":[{"href":"https:\/\/svp-birmensdorf.ch\/index.php\/wp-json\/wp\/v2\/posts\/63","targetHints":{"allow":["GET"]}}],"collection":[{"href":"https:\/\/svp-birmensdorf.ch\/index.php\/wp-json\/wp\/v2\/posts"}],"about":[{"href":"https:\/\/svp-birmensdorf.ch\/index.php\/wp-json\/wp\/v2\/types\/post"}],"author":[{"embeddable":true,"href":"https:\/\/svp-birmensdorf.ch\/index.php\/wp-json\/wp\/v2\/users\/1"}],"replies":[{"embeddable":true,"href":"https:\/\/svp-birmensdorf.ch\/index.php\/wp-json\/wp\/v2\/comments?post=63"}],"version-history":[{"count":8,"href":"https:\/\/svp-birmensdorf.ch\/index.php\/wp-json\/wp\/v2\/posts\/63\/revisions"}],"predecessor-version":[{"id":398,"href":"https:\/\/svp-birmensdorf.ch\/index.php\/wp-json\/wp\/v2\/posts\/63\/revisions\/398"}],"wp:featuredmedia":[{"embeddable":true,"href":"https:\/\/svp-birmensdorf.ch\/index.php\/wp-json\/wp\/v2\/media\/68"}],"wp:attachment":[{"href":"https:\/\/svp-birmensdorf.ch\/index.php\/wp-json\/wp\/v2\/media?parent=63"}],"wp:term":[{"taxonomy":"category","embeddable":true,"href":"https:\/\/svp-birmensdorf.ch\/index.php\/wp-json\/wp\/v2\/categories?post=63"},{"taxonomy":"post_tag","embeddable":true,"href":"https:\/\/svp-birmensdorf.ch\/index.php\/wp-json\/wp\/v2\/tags?post=63"}],"curies":[{"name":"wp","href":"https:\/\/api.w.org\/{rel}","templated":true}]}}